[{"@context":"https:\/\/schema.org\/","@type":"Article","@id":"https:\/\/www.gopal.cz\/radost-jako-zivotni-styl\/#Article","mainEntityOfPage":"https:\/\/www.gopal.cz\/radost-jako-zivotni-styl\/","headline":"Radost jako \u017eivotn\u00ed styl","name":"Radost jako \u017eivotn\u00ed styl","description":"Kdy\u017e jsem byl mal\u00fd chlapec, v jednu chv\u00edli jsem na<span class=\"more-button\"><a href=\"https:\/\/www.gopal.cz\/radost-jako-zivotni-styl\/\" class=\"more-link\">Pokra\u010dovat ve \u010dten\u00ed<span class=\"screen-reader-text\">Radost jako \u017eivotn\u00ed styl<\/span><\/a><\/span>","datePublished":"2019-10-18","dateModified":"2023-05-05","author":{"@type":"Person","@id":"https:\/\/www.gopal.cz\/author\/devene\/#Person","name":"devene","url":"https:\/\/www.gopal.cz\/author\/devene\/","identifier":1,"image":{"@type":"ImageObject","@id":"https:\/\/secure.gravatar.com\/avatar\/5522eb0fc8481dea5f6519f6a0b15ee2c46358d48429b281fd7c49cbb5a929f9?s=96&d=mm&r=g","url":"https:\/\/secure.gravatar.com\/avatar\/5522eb0fc8481dea5f6519f6a0b15ee2c46358d48429b281fd7c49cbb5a929f9?s=96&d=mm&r=g","height":96,"width":96}},"publisher":{"@type":"Organization","name":"gopal.cz","logo":{"@type":"ImageObject","@id":"\/logo.png","url":"\/logo.png","width":600,"height":60}},"image":{"@type":"ImageObject","@id":"https:\/\/www.gopal.cz\/wp-content\/uploads\/img_a357936_w3903_t1572272116.jpg","url":"https:\/\/www.gopal.cz\/wp-content\/uploads\/img_a357936_w3903_t1572272116.jpg","height":0,"width":0},"url":"https:\/\/www.gopal.cz\/radost-jako-zivotni-styl\/","about":["Lifestyle"],"wordCount":476,"articleBody":"Kdy\u017e jsem byl mal\u00fd chlapec, v jednu chv\u00edli jsem na kr\u00e1tko zatou\u017eil st\u00e1t se hercem. Ne proto, \u017ee by mne bavilo se u\u010dit n\u011bjak\u00e9 role, ale proto\u017ee jsem vid\u011bl film s Jimem Carreym.\tTen chlap je neskute\u010dn\u00fd bavi\u010d a sympa\u0165\u00e1k. Tou\u017eil jsem b\u00fdt jako on, proto\u017ee rozesm\u00e1l ka\u017ed\u00e9ho. C\u00edtil jsem jak jeho role vypou\u0161t\u00ed radost z televiz\u00ed do cel\u00e9ho sv\u011bta, po cel\u00e9 na\u0161\u00ed kr\u00e1sn\u00e9 planet\u011b.\t\tJak mi p\u0159ib\u00fdvaly roky, pochopil jsem, \u017ee to nejsou jeho role co rozd\u00e1vaj\u00ed radost. Je to jeho osobnost. Uvid\u011bl jsem to sv\u011btlo, kter\u00e9 v n\u011bm z\u00e1\u0159\u00ed. On je jeden z and\u011bl\u016f v lidsk\u00e9m t\u011ble, kte\u0159\u00ed prosv\u011btluj\u00ed tu tmu, co na\u0161i planetu kdysi zahalila.\tP\u0159i tomto uv\u011bdom\u011bn\u00ed se u\u017e nepot\u0159ebuji st\u00e1t hercem. Te\u010f u\u017e jenom pot\u0159ebuji udr\u017eovat to sv\u011btlo, co jsem v sob\u011b zap\u00e1lil a prosv\u011btlovat tmu kolem sebe, proto\u017ee od ka\u017ed\u00e9ho sv\u011btla vzplanou dal\u0161\u00ed sv\u011btla a takto postupn\u011b zase rozz\u00e1\u0159\u00edme celou planetu.\tNajednou u\u017e v\u00edm, \u017ee nen\u00ed t\u0159eba bojovat s tmou. To ani nen\u00ed mo\u017en\u00e9. Je to pouze pl\u00fdtv\u00e1n\u00ed vlastn\u00ed energi\u00ed.\tTmu toti\u017e postupn\u011b zalije obrovsk\u00e9 sv\u011btlo, kter\u00e9 se ukr\u00fdv\u00e1 v ka\u017ed\u00e9m z n\u00e1s.\tSta\u010d\u00ed ho v sob\u011b jenom zap\u00e1lit a k zap\u00e1len\u00ed vnit\u0159n\u00edho sv\u011btla n\u00e1m slou\u017e\u00ed radost. Tak se radujme z ka\u017ed\u00e9 hodiny a z ka\u017ed\u00e9ho dne, kdy tu m\u016f\u017eeme b\u00fdt. A bu\u010fme vd\u011b\u010dn\u00ed. Vd\u011b\u010dnost je toti\u017e kl\u00ed\u010d k radosti.\tPokud jste do\u010detli a\u017e sem, va\u0161e sv\u011btlo bude cht\u00edt z\u00e1\u0159it. Dovolte mu to. D\u011bkuji.\t\tTak, jako si Jim u\u017e\u00edv\u00e1 sv\u016fj \u017eivot, m\u016f\u017eeme si ho u\u017e\u00edvat i my. Je to jednoduch\u00e9. Sta\u010d\u00ed vzd\u00e1t se lp\u011bn\u00ed na r\u016fzn\u00fdch situac\u00edch a lidech. Nech\u00e1vat se un\u00e1\u0161et \u017eivotn\u00edm proudem a vyu\u017e\u00edvat p\u0159\u00edle\u017eitost\u00ed, kter\u00e9 se n\u00e1m pak budou sami nask\u00fdtat. \u017dijeme proto, aby jsme si \u017eivot u\u017eili, ne proto, aby jsme jej cel\u00fd prod\u0159eli a na smrteln\u00e9 posteli zjistili, \u017ee jsme si ho v\u016fbec neu\u017eili.\t\u00a0\tRadost je z\u00e1kladn\u00edm stavebn\u00edm pil\u00ed\u0159em \u0161\u0165astn\u00e9ho \u017eivota. Nenechejte si ji nik\u00fdm vz\u00edt. Naopak. Nab\u00edzejte svou radost sv\u00e9mu okol\u00ed. Uka\u017ete, \u017ee to jde, \u017e\u00edt radostn\u00fdm \u017eivotem. Z\u00e1kladem radosti je p\u0159ij\u00edm\u00e1n\u00ed v\u0161eho, co k n\u00e1m p\u0159ich\u00e1z\u00ed, jako by jsme si to sami zvolili. A v neposledn\u00ed \u0159ad\u011b je to i vd\u011b\u010dnost. S vd\u011b\u010dnost\u00ed k n\u00e1m p\u0159ich\u00e1z\u00ed i hojnost.                                                                                                                                                                                                                                                                                                                                                                                        4.3\/5 - (7 votes)        "},{"@context":"https:\/\/schema.org\/","@type":"BreadcrumbList","itemListElement":[{"@type":"ListItem","position":1,"name":"Radost jako \u017eivotn\u00ed styl","item":"https:\/\/www.gopal.cz\/radost-jako-zivotni-styl\/#breadcrumbitem"}]}]