[{"@context":"https:\/\/schema.org\/","@type":"Article","@id":"https:\/\/www.gopal.cz\/maji-elektricka-auta-skutecne-takove-problemy-jak-se-nekdy-tvrdi\/#Article","mainEntityOfPage":"https:\/\/www.gopal.cz\/maji-elektricka-auta-skutecne-takove-problemy-jak-se-nekdy-tvrdi\/","headline":"Maj\u00ed elektrick\u00e1 auta skute\u010dn\u011b takov\u00e9 probl\u00e9my, jak se n\u011bkdy tvrd\u00ed?","name":"Maj\u00ed elektrick\u00e1 auta skute\u010dn\u011b takov\u00e9 probl\u00e9my, jak se n\u011bkdy tvrd\u00ed?","description":"Dnes je ji\u017e jasn\u00e9, \u017ee elektrick\u00e9 automobily jsou budoucnost\u00ed. A\u010dkoliv<span class=\"more-button\"><a href=\"https:\/\/www.gopal.cz\/maji-elektricka-auta-skutecne-takove-problemy-jak-se-nekdy-tvrdi\/\" class=\"more-link\">Pokra\u010dovat ve \u010dten\u00ed<span class=\"screen-reader-text\">Maj\u00ed elektrick\u00e1 auta skute\u010dn\u011b takov\u00e9 probl\u00e9my, jak se n\u011bkdy tvrd\u00ed?<\/span><\/a><\/span>","datePublished":"2024-06-30","dateModified":"2024-06-30","author":{"@type":"Person","@id":"https:\/\/www.gopal.cz\/author\/devene\/#Person","name":"devene","url":"https:\/\/www.gopal.cz\/author\/devene\/","identifier":1,"image":{"@type":"ImageObject","@id":"https:\/\/secure.gravatar.com\/avatar\/5522eb0fc8481dea5f6519f6a0b15ee2c46358d48429b281fd7c49cbb5a929f9?s=96&d=mm&r=g","url":"https:\/\/secure.gravatar.com\/avatar\/5522eb0fc8481dea5f6519f6a0b15ee2c46358d48429b281fd7c49cbb5a929f9?s=96&d=mm&r=g","height":96,"width":96}},"publisher":{"@type":"Organization","name":"gopal.cz","logo":{"@type":"ImageObject","@id":"\/logo.png","url":"\/logo.png","width":600,"height":60}},"image":{"@type":"ImageObject","@id":"https:\/\/www.gopal.cz\/wp-content\/uploads\/auto2_10_10_10_10_10_10_10_5.jpg","url":"https:\/\/www.gopal.cz\/wp-content\/uploads\/auto2_10_10_10_10_10_10_10_5.jpg","height":0,"width":0},"url":"https:\/\/www.gopal.cz\/maji-elektricka-auta-skutecne-takove-problemy-jak-se-nekdy-tvrdi\/","about":["Moto"],"wordCount":413,"articleBody":"Dnes je ji\u017e jasn\u00e9, \u017ee elektrick\u00e9 automobily jsou budoucnost\u00ed. A\u010dkoliv se to mnoha lidem nel\u00edb\u00ed, jsou podporov\u00e1ny v\u00a0podstat\u011b v\u0161emi vl\u00e1dami a i mnoh\u00fdmi mezin\u00e1rodn\u00edmi organizacemi. C\u00edlem je zde p\u0159edev\u0161\u00edm sn\u00ed\u017eit dopad automobilov\u00e9ho pr\u016fmyslu na \u017eivotn\u00ed prost\u0159ed\u00ed. Je v\u0161ak pravdou, \u017ee mnoho \u0159idi\u010d\u016f se k\u00a0nim stav\u00ed odm\u00edtav\u011b, a maj\u00ed k\u00a0tomu hned n\u011bkolik d\u016fvod\u016f. Podle mnoh\u00fdch se toti\u017e s\u00a0t\u00edmto typem automobil\u016f poj\u00ed hned n\u011bkolik pom\u011brn\u011b z\u00e1va\u017en\u00fdch probl\u00e9m\u016f.\u00a0T\u00edm prvn\u00edm je fakt, \u017ee \u00fadajn\u011b za\u010dnou mnohem \u010dast\u011bji ho\u0159et, p\u0159edev\u0161\u00edm kv\u016fli lithiov\u00e9 baterii. To v\u0161ak nen\u00ed tak docela pravda. Statistiky ukazuj\u00ed, \u017ee elektromobily za\u010dnou ho\u0159et se stejnou pravd\u011bpodobnost\u00ed, jako klasick\u00fd v\u016fz. Probl\u00e9mem v\u0161ak je, \u017ee u t\u011bch elektrick\u00fdch je mnohem, mnohem t\u011b\u017e\u0161\u00ed po\u017e\u00e1r uhasit. N\u00e1sledky jsou tedy v\u017edy mnohem hor\u0161\u00ed, a tak se mnohem \u010dast\u011bji dostanou do zpr\u00e1v. Z\u00a0toho pak vznik\u00e1 pon\u011bkud nep\u0159esn\u00e1 p\u0159edstava, \u017ee auta na elekt\u0159inu ho\u0159\u00ed \u010dast\u011bji.\u00a0\u00a0D\u00e1le jim lid\u00e9 vyt\u00fdkaj\u00ed nespolehlivost, zejm\u00e9na v\u00a0zim\u011b. A to je rozhodn\u011b f\u00e9r. Ov\u0161em nesm\u00edme zapom\u00ednat, \u017ee i b\u011b\u017en\u00e1 auta je v\u00a0zim\u011b mnohem t\u011b\u017e\u0161\u00ed nastartovat. Asi ka\u017ed\u00fd by mohl vypr\u00e1v\u011bt o tom, jak musel zah\u0159\u00edvat motor, aby se v\u016fbec rozb\u011bhl, a vst\u00e1vat o p\u016fl hodiny d\u0159\u00edv, aby se dostal do zam\u011bstn\u00e1n\u00ed v\u010das. V\u00a0tom se tedy elektrick\u00e1 auta od t\u011bch klasick\u00fdch v\u00a0podstat\u011b neli\u0161\u00ed.\u00a0\u00a0Vy\u010d\u00edt\u00e1na je jim tak\u00e9 kr\u00e1tk\u00e1 dojezdov\u00e1 vzd\u00e1lenost, a je pravdou, \u017ee na tom skute\u010dn\u011b n\u011bco je. Ot\u00e1zkou v\u0161ak je, jak \u010dasto b\u011b\u017en\u00fd \u010dlov\u011bk jede n\u011bkolik set kilometr\u016f najednou. Faktem v\u0161ak je, \u017ee s\u00ed\u0165 dob\u00edjec\u00edch stanic je zat\u00edm pom\u011brn\u011b nedostate\u010dn\u00e1, i kdy\u017e to se ji\u017e pomalu m\u011bn\u00ed.\u00a0V\u00a0neposledn\u00ed \u0159ad\u011b je tu fakt, \u017ee pr\u00e1v\u011b kv\u016fli lithiov\u00fdm bateri\u00edm jsou v\u00a0kone\u010dn\u00e9m d\u016fsledku neekologick\u00e1, i kdy\u017e se prezentuj\u00ed opa\u010dn\u011b. To v\u0161ak nen\u00ed pravdou. Jist\u011b, baterii je pot\u0159eba jednou za \u010das vym\u011bnit, ov\u0161em ta star\u00e1 se nevyhazuje, n\u00fdbr\u017e ekologicky recykluje k\u00a0dal\u0161\u00edmu pou\u017eit\u00ed. Nevznik\u00e1 tedy v\u00a0podstat\u011b \u017e\u00e1dn\u00fd odpad.                                                                                                                                                                                                                                                                                                                                                                                        4.8\/5 - (10 votes)        "},{"@context":"https:\/\/schema.org\/","@type":"BreadcrumbList","itemListElement":[{"@type":"ListItem","position":1,"name":"Maj\u00ed elektrick\u00e1 auta skute\u010dn\u011b takov\u00e9 probl\u00e9my, jak se n\u011bkdy tvrd\u00ed?","item":"https:\/\/www.gopal.cz\/maji-elektricka-auta-skutecne-takove-problemy-jak-se-nekdy-tvrdi\/#breadcrumbitem"}]}]